{"id":943,"date":"2023-06-30T17:44:53","date_gmt":"2023-06-30T15:44:53","guid":{"rendered":"https:\/\/www.queerpridedd.org\/?p=943"},"modified":"2023-06-30T17:44:55","modified_gmt":"2023-06-30T15:44:55","slug":"soli-fuer-levi-gerechtigkeit-fuer-alle","status":"publish","type":"post","link":"https:\/\/www.queerpridedd.org\/index.php\/2023\/06\/30\/soli-fuer-levi-gerechtigkeit-fuer-alle\/","title":{"rendered":"Soli f\u00fcr Levi &#8211; Gerechtigkeit f\u00fcr alle!"},"content":{"rendered":"\n<p>Der Pride-Monat geht heute zu Ende, doch unser Kampf geht weiter!<br>Wir m\u00f6chten euch daher auf die folgende Kampagne aus Sachsen hinweisen. Sie hei\u00dft &#8222;Solidarit\u00e4t mit Levi: Gerechtigkeit f\u00fcr uns alle!&#8220; Wir hatten dazu einen Redebeitrag bei der Pride, hier noch einmal kurz, worum es dabei geht. Mehr Infos findet ihr auf der <a href=\"https:\/\/www.queeres-netzwerk-sachsen.de\/themen-projekte\/solidarit%C3%A4t-mit-levi\/\">Webseite der LAG Queeres Netzwerk Sachsen<\/a>.<\/p>\n\n\n\n<p>Levi braucht Unterst\u00fctzung in einem Rechtsstreit gegen den Freistaat Sachsen. Levi k\u00e4mpft um die korrekte geschlechtliche Berufsbezeichnung in der staatlichen Anerkennungsurkunde. Die seit 2019 geltende Regelung im Personenstandsrecht, dass neben m\u00e4nnlich und weiblich auch divers oder das Offenlassen als M\u00f6glichkeit bestehen muss, erf\u00e4hrt in nachfolgenden Landesgesetzen und Vorschriften wie im S\u00e4chsischen Sozialanerkennungsgesetz keine rechtliche Umsetzung. Eine Bezeichnung als \u201eStaatlich anerkannte*r Sozialarbeiter*in\/Sozialp\u00e4dagog*in\u201c wurde von der ausf\u00fchrenden Beh\u00f6rde verwehrt.<\/p>\n\n\n\n<p>Denn der Kampf f\u00fcr Levis Rechte ist auch ein Kampf sowohl f\u00fcr sexuelle und geschlechtliche Selbstbestimmung als auch f\u00fcr die Anerkennung aller Geschlechtsidentit\u00e4ten in Sachsen. Levi hat ein Recht auf staatliche Anerkennung der eigenen Geschlechtsidentit\u00e4t! Und wir alle haben ein Recht darauf, dass der Freistaat Sachsen die Umsetzung des dritten Geschlechtseintrages endlich diskriminierungsfrei umsetzt!<\/p>\n\n\n\n<p>Kontoinhaber: elinor Treuhand e.V.<br>IBAN: DE48430609677918887700<br>Verwendungszweck (wichtig: bitte immer angeben!): ELINORAL2KHZ<\/p>\n\n\n\n<p><\/p>\n\n\n\n<p>Eine Kampagne f\u00fcr und mit Levi und der <a href=\"https:\/\/www.facebook.com\/lagqueernetsachsen?fref=mentions&amp;__xts__%5B0%5D=68.ARB4mw_ivMTaF9Av7I_lztsb9RIxwhftIV3RhkIIsahlRF6H4dxeSDBHoewAbHIxkFpda3g5iHYY0AQiPxKkxQUhC46ufAaet5KZUvriSCJOWcjMYSs_S91qhNur-v6RBru4iD4QIYvUEvvwRLHLgXv9WKbtz_1sS_TyNBL1h8luCkIPvsjak2Z_ZsirshJfOr_VTdJ-Z0QdaTqgdun6SM0TqjkL6RPiJBB0xaeVD7xhA4FF9wXqlAtdowljtkXkQVA9xNB75qhnzUS5nQGAQhIZnn0Y-TcXXgnrzgHk97DM0y0-cto&amp;__tn__=K-R\">LAG Queeres Netzwerk Sachsen<\/a>, der LAG M\u00e4dchen und junge Frauen Sachsen, der TIN Fachstelle Sachsen, der <a href=\"https:\/\/www.facebook.com\/people\/Queer-Pride-DD\/100066584050958\/?fref=mentions&amp;__xts__%5B0%5D=68.ARB4mw_ivMTaF9Av7I_lztsb9RIxwhftIV3RhkIIsahlRF6H4dxeSDBHoewAbHIxkFpda3g5iHYY0AQiPxKkxQUhC46ufAaet5KZUvriSCJOWcjMYSs_S91qhNur-v6RBru4iD4QIYvUEvvwRLHLgXv9WKbtz_1sS_TyNBL1h8luCkIPvsjak2Z_ZsirshJfOr_VTdJ-Z0QdaTqgdun6SM0TqjkL6RPiJBB0xaeVD7xhA4FF9wXqlAtdowljtkXkQVA9xNB75qhnzUS5nQGAQhIZnn0Y-TcXXgnrzgHk97DM0y0-cto&amp;__tn__=K-R\">Queer Pride DD<\/a>, des <a href=\"https:\/\/www.facebook.com\/transinteraktiv?fref=mentions&amp;__xts__%5B0%5D=68.ARB4mw_ivMTaF9Av7I_lztsb9RIxwhftIV3RhkIIsahlRF6H4dxeSDBHoewAbHIxkFpda3g5iHYY0AQiPxKkxQUhC46ufAaet5KZUvriSCJOWcjMYSs_S91qhNur-v6RBru4iD4QIYvUEvvwRLHLgXv9WKbtz_1sS_TyNBL1h8luCkIPvsjak2Z_ZsirshJfOr_VTdJ-Z0QdaTqgdun6SM0TqjkL6RPiJBB0xaeVD7xhA4FF9wXqlAtdowljtkXkQVA9xNB75qhnzUS5nQGAQhIZnn0Y-TcXXgnrzgHk97DM0y0-cto&amp;__tn__=K-R\">Trans Inter Aktiv in Mitteldeutschland &#8211; TIAM e.V.<\/a> und des Gerede e.V.<\/p>\n\n\n\n<p><\/p>\n\n\n\n<p><\/p>\n","protected":false},"excerpt":{"rendered":"<p>Der Pride-Monat geht heute zu Ende, doch unser Kampf geht weiter!Wir m\u00f6chten euch daher auf die folgende Kampagne aus Sachsen hinweisen. Sie hei\u00dft &#8222;Solidarit\u00e4t mit Levi: Gerechtigkeit f\u00fcr uns alle!&#8220; Wir hatten dazu einen Redebeitrag bei der Pride, hier noch einmal kurz, worum es dabei geht. Mehr Infos findet ihr auf der Webseite der LAG <a href=\"https:\/\/www.queerpridedd.org\/index.php\/2023\/06\/30\/soli-fuer-levi-gerechtigkeit-fuer-alle\/\" class=\"more-link\">&#8230;<span class=\"screen-reader-text\">  Soli f\u00fcr Levi &#8211; Gerechtigkeit f\u00fcr alle!<\/span><\/a><\/p>\n","protected":false},"author":2,"featured_media":0,"comment_status":"closed","ping_status":"closed","sticky":false,"template":"","format":"standard","meta":{"footnotes":""},"categories":[1],"tags":[],"class_list":["post-943","post","type-post","status-publish","format-standard","hentry","category-uncategorized"],"_links":{"self":[{"href":"https:\/\/www.queerpridedd.org\/index.php\/wp-json\/wp\/v2\/posts\/943","targetHints":{"allow":["GET"]}}],"collection":[{"href":"https:\/\/www.queerpridedd.org\/index.php\/wp-json\/wp\/v2\/posts"}],"about":[{"href":"https:\/\/www.queerpridedd.org\/index.php\/wp-json\/wp\/v2\/types\/post"}],"author":[{"embeddable":true,"href":"https:\/\/www.queerpridedd.org\/index.php\/wp-json\/wp\/v2\/users\/2"}],"replies":[{"embeddable":true,"href":"https:\/\/www.queerpridedd.org\/index.php\/wp-json\/wp\/v2\/comments?post=943"}],"version-history":[{"count":1,"href":"https:\/\/www.queerpridedd.org\/index.php\/wp-json\/wp\/v2\/posts\/943\/revisions"}],"predecessor-version":[{"id":945,"href":"https:\/\/www.queerpridedd.org\/index.php\/wp-json\/wp\/v2\/posts\/943\/revisions\/945"}],"wp:attachment":[{"href":"https:\/\/www.queerpridedd.org\/index.php\/wp-json\/wp\/v2\/media?parent=943"}],"wp:term":[{"taxonomy":"category","embeddable":true,"href":"https:\/\/www.queerpridedd.org\/index.php\/wp-json\/wp\/v2\/categories?post=943"},{"taxonomy":"post_tag","embeddable":true,"href":"https:\/\/www.queerpridedd.org\/index.php\/wp-json\/wp\/v2\/tags?post=943"}],"curies":[{"name":"wp","href":"https:\/\/api.w.org\/{rel}","templated":true}]}}