{"id":598,"date":"2023-01-18T21:15:09","date_gmt":"2023-01-18T19:15:09","guid":{"rendered":"https:\/\/www.queerpridedd.org\/?p=598"},"modified":"2023-01-20T02:49:22","modified_gmt":"2023-01-20T00:49:22","slug":"queer-neighbours-zweite-folge","status":"publish","type":"post","link":"https:\/\/www.queerpridedd.org\/index.php\/2023\/01\/18\/queer-neighbours-zweite-folge\/","title":{"rendered":"Queer Neighbours &#8211; Zweite Folge"},"content":{"rendered":"\n<p>Die zweite Folge der <em>Queer Neighbours<\/em> &#8211; unser Pride Podcast!<br>Diesmal mit lokalen G\u00e4sten: Wenn ihr wissen wollt, was sich hinter &#8222;ANTI*&#8220; und &#8222;PLAGE&#8220; verbirgt, solltet ihr definitiv hinein h\u00f6ren. Au\u00dferdem sprechen wir \u00fcber R\u00fcckblicke, Einblicke und Ausblicke in die Queer Pride zwischen den Jahren 2022 und 2023.<\/p>\n\n\n\n<figure class=\"wp-block-audio\"><audio controls src=\"https:\/\/evibes.org\/wp-content\/uploads\/sites\/24\/2023\/01\/QueerNeighbours2_web.mp3\"><\/audio><\/figure>\n","protected":false},"excerpt":{"rendered":"<p>Die zweite Folge der Queer Neighbours &#8211; unser Pride Podcast!Diesmal mit lokalen G\u00e4sten: Wenn ihr wissen wollt, was sich hinter &#8222;ANTI*&#8220; und &#8222;PLAGE&#8220; verbirgt, solltet ihr definitiv hinein h\u00f6ren. Au\u00dferdem sprechen wir \u00fcber R\u00fcckblicke, Einblicke und Ausblicke in die Queer Pride zwischen den Jahren 2022 und 2023.<\/p>\n","protected":false},"author":1,"featured_media":0,"comment_status":"closed","ping_status":"closed","sticky":false,"template":"","format":"standard","meta":{"footnotes":""},"categories":[1],"tags":[],"class_list":["post-598","post","type-post","status-publish","format-standard","hentry","category-uncategorized"],"_links":{"self":[{"href":"https:\/\/www.queerpridedd.org\/index.php\/wp-json\/wp\/v2\/posts\/598","targetHints":{"allow":["GET"]}}],"collection":[{"href":"https:\/\/www.queerpridedd.org\/index.php\/wp-json\/wp\/v2\/posts"}],"about":[{"href":"https:\/\/www.queerpridedd.org\/index.php\/wp-json\/wp\/v2\/types\/post"}],"author":[{"embeddable":true,"href":"https:\/\/www.queerpridedd.org\/index.php\/wp-json\/wp\/v2\/users\/1"}],"replies":[{"embeddable":true,"href":"https:\/\/www.queerpridedd.org\/index.php\/wp-json\/wp\/v2\/comments?post=598"}],"version-history":[{"count":2,"href":"https:\/\/www.queerpridedd.org\/index.php\/wp-json\/wp\/v2\/posts\/598\/revisions"}],"predecessor-version":[{"id":604,"href":"https:\/\/www.queerpridedd.org\/index.php\/wp-json\/wp\/v2\/posts\/598\/revisions\/604"}],"wp:attachment":[{"href":"https:\/\/www.queerpridedd.org\/index.php\/wp-json\/wp\/v2\/media?parent=598"}],"wp:term":[{"taxonomy":"category","embeddable":true,"href":"https:\/\/www.queerpridedd.org\/index.php\/wp-json\/wp\/v2\/categories?post=598"},{"taxonomy":"post_tag","embeddable":true,"href":"https:\/\/www.queerpridedd.org\/index.php\/wp-json\/wp\/v2\/tags?post=598"}],"curies":[{"name":"wp","href":"https:\/\/api.w.org\/{rel}","templated":true}]}}