{"id":570,"date":"2022-11-21T01:37:39","date_gmt":"2022-11-20T23:37:39","guid":{"rendered":"https:\/\/www.queerpridedd.org\/?p=570"},"modified":"2022-11-21T02:01:10","modified_gmt":"2022-11-21T00:01:10","slug":"bericht-und-grusswort-zum-gedenktag-fuer-die-opfer-von-transfeindlichkeit","status":"publish","type":"post","link":"https:\/\/www.queerpridedd.org\/index.php\/2022\/11\/21\/bericht-und-grusswort-zum-gedenktag-fuer-die-opfer-von-transfeindlichkeit\/","title":{"rendered":"Bericht und Gru\u00dfwort zum Gedenktag f\u00fcr die Opfer von Transfeindlichkeit"},"content":{"rendered":"\n<figure class=\"wp-block-image size-large\"><img loading=\"lazy\" decoding=\"async\" width=\"1024\" height=\"678\" src=\"https:\/\/www.queerpridedd.org\/wp-content\/uploads\/2022\/11\/1-1024x678.jpg\" alt=\"\" class=\"wp-image-571\" srcset=\"https:\/\/www.queerpridedd.org\/wp-content\/uploads\/2022\/11\/1-1024x678.jpg 1024w, https:\/\/www.queerpridedd.org\/wp-content\/uploads\/2022\/11\/1-300x199.jpg 300w, https:\/\/www.queerpridedd.org\/wp-content\/uploads\/2022\/11\/1.jpg 2000w\" sizes=\"auto, (max-width: 1024px) 100vw, 1024px\" \/><\/figure>\n\n\n\n<p>Auf Einladung der tin*-Vernetzung Dresden fand am 20. November in Dresden wieder eine Mahnwache f\u00fcr die Opfer transfeindlicher Gewalt statt. Ab 15:00 Uhr kamen auf dem Alaunplatz rund 100 Menschen zusammen, um zu Trauern und zu Gedenken. Laut dem Monitoring von <a href=\"https:\/\/transrespect.org\/en\/tmm-update-tdor-2022\/\">Transgender Europe<\/a> wurden in den vergangenen 12 Monaten 327 Mordf\u00e4lle an trans, nichtbin\u00e4ren und agender Menschen \u00f6ffentlich bekannt. Nach dem Suizid von Ella N. 2021 war mit Malte C. auch in der aktuellen Berichtsperiode wieder ein Todesfall in Deutschland zu beklagen.<\/p>\n\n\n\n<p>\u00dcberschattet wurde die Trauerkundgebung durch die <a href=\"https:\/\/www.queer.de\/detail.php?article_id=43852\">ersch\u00fctternde Nachricht aus Colorado Springs<\/a> (USA), wo in der Nacht zum Sonntag in dem Club Q durch einen bewaffneten T\u00e4ter mindestens f\u00fcnf Menschen get\u00f6tet und 18 verletzt wurden. Am 20.11. sollte in dem queeren Club eine Veranstaltung zum Transgender Day of Remembrance stattfinden.<\/p>\n\n\n\n<p>Auf der Mahnwache wurden die Namen der Opfer mit Kreide niedergeschrieben und eine Schweigeminute abgehalten. Viele der Trauernden hatten Kerzen und Blumen mitgebracht, die bei den Namen abgelegt wurden. Begleitet wurde die knapp zweist\u00fcndige Kundgebung durch Redebeitr\u00e4ge sowie ein gemeinsam mit dem <a href=\"https:\/\/www.youtube.com\/watch?v=XHTbiiGIH3U\">Demo-Chor angestimmtes Lied<\/a>. Neben Berichten \u00fcber andauernde transfeindliche Angriffe in Deutschland wurde auch auf die Wichtigkeit von gegenseitiger Unterst\u00fctzung hingewiesen.<\/p>\n\n\n\n<p>\u201eWir m\u00fcssen unsere K\u00e4mpfe verbinden, denn es gilt, jede Diskriminierung zu \u00fcberwinden. Nicht zuletzt weil viele unserer ermordeten Geschwister von mehr als einer Unterdr\u00fcckungsform betroffen waren. Auch in diesem Jahr weisen die Daten auf einen besorgniserregenden Trend hin, wenn es um die \u00dcberschneidungen mit Frauenfeindlichkeit, Rassismus, Fremdenfeindlichkeit und der Stigmatisierung von Sexarbeiter_innen geht. Die meisten Opfer sind Frauen of color, Frauen mit Migrationshintergrund, sowie Sexarbeiter_innen.\u201c hie\u00df es dazu in den einf\u00fchrenden Worten zur Mahnwache.<\/p>\n\n\n\n<p>Ein Beitrag der Antifaschistischen Initiative L\u00f6btau erinnerte an die Wichtigkeit von widerst\u00e4ndigem Aktivismus und eines gemeinsamen Kampfes &#8222;vereint in unserer Verschiedenheit&#8220; gegen Unterdr\u00fcckung. Die Hoffnung, sich individuell durch Verstecken oder Anpassung an gesellschaftliche Erwartungen und Normen vor allt\u00e4glicher Ausgrenzung, rechtem Hass und struktureller Gewalt sch\u00fctzen zu k\u00f6nnen, sei zwar verst\u00e4ndlich, aber auch vergeblich. In Bezugnahme auf die Stonewall Riots wurde dagegen die Wichtigkeit eines feministischen Selbstbewusstseins und gelebter antifaschistischer Solidarit\u00e4t betont.<br><br>Als Queer Pride Dresden haben wir uns sehr dar\u00fcber gefreut, den Gedenktag unterst\u00fctzen zu k\u00f6nnen. Wir dokumentieren hier unser Gru\u00dfwort f\u00fcr die Mahnwache.<br><br><em>Was bringt uns heute zusammen? In der Einladung f\u00fcr die heutige Mahnwache wurde eine Zahl genannt. Ein trockener, statistischer Wert, eine Summe in einer sorgf\u00e4ltig gef\u00fchrten Tabelle.<br>Doch hinter der Zahl 327 stehen Schicksale, hinter den Namen auf der Liste verbergen sich Menschen, Leben, Zukunftspl\u00e4ne, K\u00e4mpfe und soziale Beziehungen. All diese wurden ausgel\u00f6scht, und es bleibt uns nur die Erinnerung.<br>327 ist ein Datenpunkt, n\u00fcchtern, scheinbar gef\u00fchlslos. Doch in diesem Datenpunkt codiert ist der Schmerz des Verlustes, der Schmerz hinter all dem, was h\u00e4tte sein k\u00f6nnen, was h\u00e4tte sein wollen, ja h\u00e4tte sein m\u00fcssen \u2013 und doch nicht mehr ist.<\/em><\/p>\n\n\n\n<p><em>Die Gef\u00fchle von Trauer, von Wut und Verzweiflung, von Wehmut und Widerstand sind f\u00fcr uns schwer in Worte zu fassen und noch schwerer zu ertragen. Als Queer Pride Dresden, als trans Menschen und Allies k\u00f6nnen wir nur versuchen, in solidarischer Unterst\u00fctzung zusammen zu stehen.<\/em><\/p>\n\n\n\n<p><em>Anl\u00e4sslich des Gedenktages f\u00fcr die Opfer von Transfeindlichkeit richten wir unser Mitgef\u00fchl an alle Freund*innen und Angeh\u00f6rige, sei es in Herkunfts- oder Wahlfamilien. Unsere Gedanken sind bei ihnen. Wir w\u00fcnschen ihnen viel Kraft und sagen: Ihr seid in eurer Trauer nicht allein!<\/em><\/p>\n\n\n\n<p><strong><em>Wir stehen zusammen im Gedenken an die Opfer von Transfeindlichkeit.&nbsp;<\/em><\/strong><br><strong><em>Wir stehen zusammen im Kampf um Gleichberechtigung, um Anerkennung und Sicherheit.<\/em><br><em>Im Kampf um unsere Leben und unsere Freiheit ist niemand vergessen!<\/em><\/strong><\/p>\n\n\n\n<p><em>Auch in Deutschland gab es dieses Jahr wieder Opfer transfeindlichen Hasses. Fr\u00fchmorgens am 02. September ist Malte C. im Krankenhaus gestorben. Wenige Tage nach dem brutalen Angriff am Rande des M\u00fcnsteraner CSDs ist er seinen Verletzungen erlegen.<\/em><\/p>\n\n\n\n<p><em>Als einen der 327 m\u00f6chten wir heute stellvertretend an Malte erinnern. An Malte als einen Menschen, der f\u00fcr Gerechtigkeit einstand. Einen Menschen, der f\u00fcr sich und andere eingestanden ist. Einen Menschen, der angesichts queerfeindlicher Diskriminierung nicht weggeschaute, sondern aktiv gegen diese angetreten ist. Wir wollen unsere Gef\u00fchle und unsere Erinnerung an Malte als solidarischen und starken Menschen widmen.<\/em><\/p>\n\n\n\n<p><em>Ihr alle, die ihr heute mit euren Namen sichtbar gemacht wurdet, <\/em><br><em>ihr alle, die ihr noch nicht einmal gez\u00e4hlt worden seid \u2013 <strong>Rest in Power!<\/strong><\/em><\/p>\n\n\n\n<figure class=\"wp-block-image size-large\"><img loading=\"lazy\" decoding=\"async\" width=\"1024\" height=\"678\" src=\"https:\/\/www.queerpridedd.org\/wp-content\/uploads\/2022\/11\/2-1024x678.jpg\" alt=\"\" class=\"wp-image-573\" srcset=\"https:\/\/www.queerpridedd.org\/wp-content\/uploads\/2022\/11\/2-1024x678.jpg 1024w, https:\/\/www.queerpridedd.org\/wp-content\/uploads\/2022\/11\/2-300x199.jpg 300w, https:\/\/www.queerpridedd.org\/wp-content\/uploads\/2022\/11\/2.jpg 2000w\" sizes=\"auto, (max-width: 1024px) 100vw, 1024px\" \/><\/figure>\n","protected":false},"excerpt":{"rendered":"<p>Auf Einladung der tin*-Vernetzung Dresden fand am 20. November in Dresden wieder eine Mahnwache f\u00fcr die Opfer transfeindlicher Gewalt statt. Ab 15:00 Uhr kamen auf dem Alaunplatz rund 100 Menschen zusammen, um zu Trauern und zu Gedenken. Laut dem Monitoring von Transgender Europe wurden in den vergangenen 12 Monaten 327 Mordf\u00e4lle an trans, nichtbin\u00e4ren und <a href=\"https:\/\/www.queerpridedd.org\/index.php\/2022\/11\/21\/bericht-und-grusswort-zum-gedenktag-fuer-die-opfer-von-transfeindlichkeit\/\" class=\"more-link\">&#8230;<span class=\"screen-reader-text\">  Bericht und Gru\u00dfwort zum Gedenktag f\u00fcr die Opfer von Transfeindlichkeit<\/span><\/a><\/p>\n","protected":false},"author":2,"featured_media":0,"comment_status":"closed","ping_status":"closed","sticky":false,"template":"","format":"standard","meta":{"footnotes":""},"categories":[1],"tags":[],"class_list":["post-570","post","type-post","status-publish","format-standard","hentry","category-uncategorized"],"_links":{"self":[{"href":"https:\/\/www.queerpridedd.org\/index.php\/wp-json\/wp\/v2\/posts\/570","targetHints":{"allow":["GET"]}}],"collection":[{"href":"https:\/\/www.queerpridedd.org\/index.php\/wp-json\/wp\/v2\/posts"}],"about":[{"href":"https:\/\/www.queerpridedd.org\/index.php\/wp-json\/wp\/v2\/types\/post"}],"author":[{"embeddable":true,"href":"https:\/\/www.queerpridedd.org\/index.php\/wp-json\/wp\/v2\/users\/2"}],"replies":[{"embeddable":true,"href":"https:\/\/www.queerpridedd.org\/index.php\/wp-json\/wp\/v2\/comments?post=570"}],"version-history":[{"count":5,"href":"https:\/\/www.queerpridedd.org\/index.php\/wp-json\/wp\/v2\/posts\/570\/revisions"}],"predecessor-version":[{"id":581,"href":"https:\/\/www.queerpridedd.org\/index.php\/wp-json\/wp\/v2\/posts\/570\/revisions\/581"}],"wp:attachment":[{"href":"https:\/\/www.queerpridedd.org\/index.php\/wp-json\/wp\/v2\/media?parent=570"}],"wp:term":[{"taxonomy":"category","embeddable":true,"href":"https:\/\/www.queerpridedd.org\/index.php\/wp-json\/wp\/v2\/categories?post=570"},{"taxonomy":"post_tag","embeddable":true,"href":"https:\/\/www.queerpridedd.org\/index.php\/wp-json\/wp\/v2\/tags?post=570"}],"curies":[{"name":"wp","href":"https:\/\/api.w.org\/{rel}","templated":true}]}}