{"id":562,"date":"2022-11-13T13:28:36","date_gmt":"2022-11-13T11:28:36","guid":{"rendered":"https:\/\/www.queerpridedd.org\/?p=562"},"modified":"2022-11-13T13:44:15","modified_gmt":"2022-11-13T11:44:15","slug":"20-11-gedenktag-fuer-die-opfer-von-transfeindlichkeit","status":"publish","type":"post","link":"https:\/\/www.queerpridedd.org\/index.php\/2022\/11\/13\/20-11-gedenktag-fuer-die-opfer-von-transfeindlichkeit\/","title":{"rendered":"20.11. &#8211; Gedenktag f\u00fcr die Opfer von Transfeindlichkeit"},"content":{"rendered":"\n<figure class=\"wp-block-image size-large\"><img loading=\"lazy\" decoding=\"async\" width=\"1024\" height=\"1024\" src=\"https:\/\/www.queerpridedd.org\/wp-content\/uploads\/2022\/11\/signal-2022-11-11-212446-1024x1024.jpeg\" alt=\"\" class=\"wp-image-563\" srcset=\"https:\/\/www.queerpridedd.org\/wp-content\/uploads\/2022\/11\/signal-2022-11-11-212446-1024x1024.jpeg 1024w, https:\/\/www.queerpridedd.org\/wp-content\/uploads\/2022\/11\/signal-2022-11-11-212446-300x300.jpeg 300w, https:\/\/www.queerpridedd.org\/wp-content\/uploads\/2022\/11\/signal-2022-11-11-212446-150x150.jpeg 150w, https:\/\/www.queerpridedd.org\/wp-content\/uploads\/2022\/11\/signal-2022-11-11-212446.jpeg 2048w\" sizes=\"auto, (max-width: 1024px) 100vw, 1024px\" \/><\/figure>\n\n\n\n<p>Wir laden herzlich zur Mahnwache ab 15 Uhr am Alaunplatz ein.<\/p>\n\n\n\n<p>327! Das sind 327 trans, nicht-bin\u00e4re und gender-nonkonforme Menschen zu viel. All diese Menschen wurden aufgrund von Transfeindlichkeit in den vergangenen zw\u00f6lf Monaten ermordet. <\/p>\n\n\n\n<p>Am 20. November \u2013 dem Gedenktag f\u00fcr die Opfer von Transfeindlichkeit\u2013 wollen wir dieser Menschen gedenken. Wir schaffen einen Ort um gemeinsam zu Trauern, aber auch um unseren Widerstand zu zeigen.&nbsp;<br>Wenn ihr daran teilnehmen wollt und euch danach f\u00fchlt, dann kommt am 20.11. um 15:00 zu unserer Mahnwache am Alaunplatz* (Dresden Neustadt).<\/p>\n\n\n\n<p>Das Gedenken wollen wir durch das gemeinsame Niederschreiben der Namen der Opfer erm\u00f6glichen. Wir m\u00f6chten gemeinsam mit dem Demochor singen und euch Raum geben auch selbst zu Wort zu kommen. Untermalt wird das Ganze mit unterschiedlichen Redebeitr\u00e4gen.<br>Anschlie\u00dfend wird es im Malobeo Raum zum Aufw\u00e4rmen, Austausch und eine K\u00fcfa geben.<\/p>\n\n\n\n<p>Bringt gerne Kerzen und Blumen mit und kommt bitte getestet und mit Maske!&nbsp;<br>Wenn ihr etwas Bestimmtes braucht, um teilnehmen zu k\u00f6nnen, dann meldet euch gerne bei uns.<\/p>\n\n\n\n<p>Passt auf euch auf und bis Sonntag!<\/p>\n\n\n\n<p><\/p>\n\n\n\n<p>P.S.: Um 19 Uhr wird danach im Zentralkino der Film &#8222;Framing Agnes&#8220; gezeigt, der Eintritt ist frei.<br>Achtet auch auf Ank\u00fcndigungen zum 25.11., dem internationalen Tag gegen patriarchale Gewalt. Begleitet wird dieser von einer Reihe von Veranstaltungen: <a href=\"https:\/\/tu-dresden.de\/tu-dresden\/universitaetskultur\/antidiskriminierung\/internationaler-tag-zu-beseitigung-der-gewalt-gegen-frauen-geschlechtsspezifische-gewalt\">https:\/\/tu-dresden.de\/tu-dresden\/universitaetskultur\/antidiskriminierung\/internationaler-tag-zu-beseitigung-der-gewalt-gegen-frauen-geschlechtsspezifische-gewalt<\/a><\/p>\n\n\n\n<p>* Der Alaunplatz ist \u00fcber die Haltestelle Alaunplatz mit der Linie 13 zu erreichen. Die Haltestelle Alaunplatz erm\u00f6glicht einen barrierefreien Ein-\/Ausstieg und von dort ist es ungef\u00e4hr eine Minute bis zur Mahnwache. Diese ist barrierearm zu erreichen.&nbsp;<br>Die Mahnwache wird auf Englisch und Deutsch abgehalten und alle Redebetr\u00e4ge werden in beiden Sprachen vorgetragen. Dar\u00fcber hinaus wird es diese auch ausgedruckt vor Ort geben.<\/p>\n","protected":false},"excerpt":{"rendered":"<p>Wir laden herzlich zur Mahnwache ab 15 Uhr am Alaunplatz ein. 327! Das sind 327 trans, nicht-bin\u00e4re und gender-nonkonforme Menschen zu viel. All diese Menschen wurden aufgrund von Transfeindlichkeit in den vergangenen zw\u00f6lf Monaten ermordet. Am 20. November \u2013 dem Gedenktag f\u00fcr die Opfer von Transfeindlichkeit\u2013 wollen wir dieser Menschen gedenken. Wir schaffen einen Ort <a href=\"https:\/\/www.queerpridedd.org\/index.php\/2022\/11\/13\/20-11-gedenktag-fuer-die-opfer-von-transfeindlichkeit\/\" class=\"more-link\">&#8230;<span class=\"screen-reader-text\">  20.11. &#8211; Gedenktag f\u00fcr die Opfer von Transfeindlichkeit<\/span><\/a><\/p>\n","protected":false},"author":2,"featured_media":0,"comment_status":"closed","ping_status":"closed","sticky":false,"template":"","format":"standard","meta":{"footnotes":""},"categories":[1],"tags":[],"class_list":["post-562","post","type-post","status-publish","format-standard","hentry","category-uncategorized"],"_links":{"self":[{"href":"https:\/\/www.queerpridedd.org\/index.php\/wp-json\/wp\/v2\/posts\/562","targetHints":{"allow":["GET"]}}],"collection":[{"href":"https:\/\/www.queerpridedd.org\/index.php\/wp-json\/wp\/v2\/posts"}],"about":[{"href":"https:\/\/www.queerpridedd.org\/index.php\/wp-json\/wp\/v2\/types\/post"}],"author":[{"embeddable":true,"href":"https:\/\/www.queerpridedd.org\/index.php\/wp-json\/wp\/v2\/users\/2"}],"replies":[{"embeddable":true,"href":"https:\/\/www.queerpridedd.org\/index.php\/wp-json\/wp\/v2\/comments?post=562"}],"version-history":[{"count":2,"href":"https:\/\/www.queerpridedd.org\/index.php\/wp-json\/wp\/v2\/posts\/562\/revisions"}],"predecessor-version":[{"id":568,"href":"https:\/\/www.queerpridedd.org\/index.php\/wp-json\/wp\/v2\/posts\/562\/revisions\/568"}],"wp:attachment":[{"href":"https:\/\/www.queerpridedd.org\/index.php\/wp-json\/wp\/v2\/media?parent=562"}],"wp:term":[{"taxonomy":"category","embeddable":true,"href":"https:\/\/www.queerpridedd.org\/index.php\/wp-json\/wp\/v2\/categories?post=562"},{"taxonomy":"post_tag","embeddable":true,"href":"https:\/\/www.queerpridedd.org\/index.php\/wp-json\/wp\/v2\/tags?post=562"}],"curies":[{"name":"wp","href":"https:\/\/api.w.org\/{rel}","templated":true}]}}