{"id":550,"date":"2022-11-08T14:47:32","date_gmt":"2022-11-08T12:47:32","guid":{"rendered":"https:\/\/www.queerpridedd.org\/?p=550"},"modified":"2022-11-08T15:07:32","modified_gmt":"2022-11-08T13:07:32","slug":"queer-bar-queer-release-im-doppelpack","status":"publish","type":"post","link":"https:\/\/www.queerpridedd.org\/index.php\/2022\/11\/08\/queer-bar-queer-release-im-doppelpack\/","title":{"rendered":"Queer Bar &#038; Queer Release im Doppelpack!"},"content":{"rendered":"\n<p>Die letzte Pride ist schon eine Weile her, die n\u00e4chste scheint noch in weiter Ferne &#8211; um die Zeit dazwischen zu \u00fcberbr\u00fccken kommen die folgenden beiden Veranstaltungen gerade richtig!<br><\/p>\n\n\n\n<p><strong>13.11. 18-22: Queer Pride Bar im Kukulida &amp; Queer Pride Zine Release<\/strong><\/p>\n\n\n\n<figure class=\"wp-block-image size-large\"><img loading=\"lazy\" decoding=\"async\" width=\"1024\" height=\"1024\" src=\"https:\/\/www.queerpridedd.org\/wp-content\/uploads\/2022\/11\/2022-11-13-Queer-Pride-Zine-Release-1024x1024.jpg\" alt=\"\" class=\"wp-image-557\" srcset=\"https:\/\/www.queerpridedd.org\/wp-content\/uploads\/2022\/11\/2022-11-13-Queer-Pride-Zine-Release-1024x1024.jpg 1024w, https:\/\/www.queerpridedd.org\/wp-content\/uploads\/2022\/11\/2022-11-13-Queer-Pride-Zine-Release-300x300.jpg 300w, https:\/\/www.queerpridedd.org\/wp-content\/uploads\/2022\/11\/2022-11-13-Queer-Pride-Zine-Release-150x150.jpg 150w, https:\/\/www.queerpridedd.org\/wp-content\/uploads\/2022\/11\/2022-11-13-Queer-Pride-Zine-Release.jpg 1180w\" sizes=\"auto, (max-width: 1024px) 100vw, 1024px\" \/><\/figure>\n\n\n\n<p>Pride ist nicht nur einmal im Jahr, es wird Winter und Sonntag ist unser lazy day! Kommt f\u00fcr einen entspannten Wochenausklang zur Queer Pride Bar Night in&#8217;s Kukulida (Martin-Luther-Stra\u00dfe 1)<br>Es gibt Getr\u00e4nke, Snacks, eine sweete Playlist und eine \u00dcberraschung: es wird das erste Queer Pride DD Zine zum anfassen geben! Wuuhu!<\/p>\n\n\n\n<p>F\u00fcr Queers &amp; Allies <img loading=\"lazy\" decoding=\"async\" src=\"https:\/\/static.xx.fbcdn.net\/images\/emoji.php\/v9\/t6c\/1\/16\/2764.png\" alt=\"\u2764\" width=\"16\" height=\"16\"><br><img loading=\"lazy\" decoding=\"async\" src=\"https:\/\/static.xx.fbcdn.net\/images\/emoji.php\/v9\/tfc\/1\/16\/267f.png\" alt=\"\u267f\ufe0f\" width=\"16\" height=\"16\"> Das Kukulida ist leider nicht barrierefrei, da es 5 Stufen hoch geht.<br>Wir freuen uns auf euch!<img loading=\"lazy\" decoding=\"async\" src=\"https:\/\/static.xx.fbcdn.net\/images\/emoji.php\/v9\/tde\/1\/16\/1f31d.png\" alt=\"\ud83c\udf1d\" width=\"16\" height=\"16\"><br><\/p>\n\n\n\n<p><strong>14.11. ab 20:00: Queer Bar Night im PlatzDa! &amp; Premiere der filmischen Kurzdoku \u00fcber die Pride<\/strong><\/p>\n\n\n\n<figure class=\"wp-block-image size-large\"><img loading=\"lazy\" decoding=\"async\" width=\"1024\" height=\"576\" src=\"https:\/\/www.queerpridedd.org\/wp-content\/uploads\/2022\/11\/2022-11-14-Pride-Doku-bei-Queer-Bar-1024x576.png\" alt=\"\" class=\"wp-image-551\" srcset=\"https:\/\/www.queerpridedd.org\/wp-content\/uploads\/2022\/11\/2022-11-14-Pride-Doku-bei-Queer-Bar-1024x576.png 1024w, https:\/\/www.queerpridedd.org\/wp-content\/uploads\/2022\/11\/2022-11-14-Pride-Doku-bei-Queer-Bar-300x169.png 300w\" sizes=\"auto, (max-width: 1024px) 100vw, 1024px\" \/><\/figure>\n\n\n\n<p>Gleich einen Tag sp\u00e4ter ist wieder queerer Bar-Abend im PlatzDa! (Wernerstra\u00dfe 21)<br>Und es gibt eine Premiere: Prinz Lieschen l\u00e4dt herzlich dazu ein, das Release der Kurzdoku \u00fcber die Queer Pride Dresden zu feiern.<\/p>\n\n\n\n<p>Der Film nimmt uns mit zur\u00fcck in den Sommer und zeigt neben vielen Eindr\u00fccken von der Demo auch Interviews, in denen die Idee der Queer Pride Dresden zum Ausdruck kommt.<\/p>\n\n\n\n<p>Der Film ist auf Deutsch mit englischen Untertiteln.<\/p>\n","protected":false},"excerpt":{"rendered":"<p>Die letzte Pride ist schon eine Weile her, die n\u00e4chste scheint noch in weiter Ferne &#8211; um die Zeit dazwischen zu \u00fcberbr\u00fccken kommen die folgenden beiden Veranstaltungen gerade richtig! 13.11. 18-22: Queer Pride Bar im Kukulida &amp; Queer Pride Zine Release Pride ist nicht nur einmal im Jahr, es wird Winter und Sonntag ist unser <a href=\"https:\/\/www.queerpridedd.org\/index.php\/2022\/11\/08\/queer-bar-queer-release-im-doppelpack\/\" class=\"more-link\">&#8230;<span class=\"screen-reader-text\">  Queer Bar &#038; Queer Release im Doppelpack!<\/span><\/a><\/p>\n","protected":false},"author":2,"featured_media":0,"comment_status":"closed","ping_status":"closed","sticky":false,"template":"","format":"standard","meta":{"footnotes":""},"categories":[1],"tags":[],"class_list":["post-550","post","type-post","status-publish","format-standard","hentry","category-uncategorized"],"_links":{"self":[{"href":"https:\/\/www.queerpridedd.org\/index.php\/wp-json\/wp\/v2\/posts\/550","targetHints":{"allow":["GET"]}}],"collection":[{"href":"https:\/\/www.queerpridedd.org\/index.php\/wp-json\/wp\/v2\/posts"}],"about":[{"href":"https:\/\/www.queerpridedd.org\/index.php\/wp-json\/wp\/v2\/types\/post"}],"author":[{"embeddable":true,"href":"https:\/\/www.queerpridedd.org\/index.php\/wp-json\/wp\/v2\/users\/2"}],"replies":[{"embeddable":true,"href":"https:\/\/www.queerpridedd.org\/index.php\/wp-json\/wp\/v2\/comments?post=550"}],"version-history":[{"count":2,"href":"https:\/\/www.queerpridedd.org\/index.php\/wp-json\/wp\/v2\/posts\/550\/revisions"}],"predecessor-version":[{"id":558,"href":"https:\/\/www.queerpridedd.org\/index.php\/wp-json\/wp\/v2\/posts\/550\/revisions\/558"}],"wp:attachment":[{"href":"https:\/\/www.queerpridedd.org\/index.php\/wp-json\/wp\/v2\/media?parent=550"}],"wp:term":[{"taxonomy":"category","embeddable":true,"href":"https:\/\/www.queerpridedd.org\/index.php\/wp-json\/wp\/v2\/categories?post=550"},{"taxonomy":"post_tag","embeddable":true,"href":"https:\/\/www.queerpridedd.org\/index.php\/wp-json\/wp\/v2\/tags?post=550"}],"curies":[{"name":"wp","href":"https:\/\/api.w.org\/{rel}","templated":true}]}}